{"id":119,"date":"2017-04-22T16:33:32","date_gmt":"2017-04-22T19:33:32","guid":{"rendered":"http:\/\/urbanidades.arq.br\/mapasconfiguracionais\/?p=119"},"modified":"2017-05-12T21:07:27","modified_gmt":"2017-05-13T00:07:27","slug":"salvador-ba-regiao-metropolitana","status":"publish","type":"post","link":"https:\/\/urbanidades.arq.br\/mapasconfiguracionais\/2017\/04\/22\/salvador-ba-regiao-metropolitana\/","title":{"rendered":"Salvador &#8211; BA (Regi\u00e3o Metropolitana)"},"content":{"rendered":"<h3>Download<\/h3>\n<p>Fa\u00e7a o download do mapa e materiais complementares <a href=\"https:\/\/mega.nz\/#!LxQxnDSC!nn8YXO0O8kvuAS6smJC6m-nsDd6ihGuR5um9X6gSTNk\" target=\"_blank\" rel=\"noopener noreferrer\">aqui<\/a>. Mapa de Salvador apenas <a href=\"https:\/\/mega.nz\/#!74hkQZZY!ZrVZW6t6ntD4WDA2EZB_4lLo9saZW-OK_eYhU7RsoOg\" target=\"_blank\" rel=\"noopener noreferrer\">aqui<\/a>\u00a0(formato graph do Depthmap).<\/p>\n<h3>Descri\u00e7\u00e3o Geral<\/h3>\n<p><img loading=\"lazy\" decoding=\"async\" class=\"alignnone size-full wp-image-120 aligncenter\" src=\"http:\/\/urbanidades.arq.br\/mapasconfiguracionais\/wp-content\/uploads\/2017\/04\/MAPAS_SSA_INT_HH_1000px.jpg\" alt=\"\" width=\"882\" height=\"1000\" srcset=\"https:\/\/urbanidades.arq.br\/mapasconfiguracionais\/wp-content\/uploads\/2017\/04\/MAPAS_SSA_INT_HH_1000px.jpg 882w, https:\/\/urbanidades.arq.br\/mapasconfiguracionais\/wp-content\/uploads\/2017\/04\/MAPAS_SSA_INT_HH_1000px-265x300.jpg 265w, https:\/\/urbanidades.arq.br\/mapasconfiguracionais\/wp-content\/uploads\/2017\/04\/MAPAS_SSA_INT_HH_1000px-768x871.jpg 768w, https:\/\/urbanidades.arq.br\/mapasconfiguracionais\/wp-content\/uploads\/2017\/04\/MAPAS_SSA_INT_HH_1000px-44x50.jpg 44w, https:\/\/urbanidades.arq.br\/mapasconfiguracionais\/wp-content\/uploads\/2017\/04\/MAPAS_SSA_INT_HH_1000px-217x246.jpg 217w\" sizes=\"auto, (max-width: 882px) 100vw, 882px\" \/><\/p>\n<h3>Cr\u00e9ditos<\/h3>\n<p>Desenho de Salvador gentilmente cedido por Val\u00e9rio Medeiros, restante da RM atualizado por Amanda Brasil (2016) com revis\u00e3o de Ana Paula Gurgel a partir da Base Cartogr\u00e1fica do OpenStreetMap (2016) e imagens de sat\u00e9lite do Google Earth (2016).<\/p>\n","protected":false},"excerpt":{"rendered":"<p>Download Fa\u00e7a o download do mapa e materiais complementares aqui. Mapa de Salvador apenas aqui\u00a0(formato graph do Depthmap). Descri\u00e7\u00e3o Geral Cr\u00e9ditos Desenho de Salvador gentilmente cedido por Val\u00e9rio Medeiros, restante da RM atualizado por Amanda Brasil (2016) com revis\u00e3o de Ana Paula Gurgel a partir da Base Cartogr\u00e1fica do OpenStreetMap (2016) e imagens de sat\u00e9lite [&hellip;]<\/p>\n","protected":false},"author":1,"featured_media":0,"comment_status":"open","ping_status":"open","sticky":false,"template":"","format":"standard","meta":{"footnotes":""},"categories":[28,2],"tags":[32],"class_list":["post-119","post","type-post","status-publish","format-standard","hentry","category-bahia","category-brasil","tag-salvador"],"_links":{"self":[{"href":"https:\/\/urbanidades.arq.br\/mapasconfiguracionais\/wp-json\/wp\/v2\/posts\/119","targetHints":{"allow":["GET"]}}],"collection":[{"href":"https:\/\/urbanidades.arq.br\/mapasconfiguracionais\/wp-json\/wp\/v2\/posts"}],"about":[{"href":"https:\/\/urbanidades.arq.br\/mapasconfiguracionais\/wp-json\/wp\/v2\/types\/post"}],"author":[{"embeddable":true,"href":"https:\/\/urbanidades.arq.br\/mapasconfiguracionais\/wp-json\/wp\/v2\/users\/1"}],"replies":[{"embeddable":true,"href":"https:\/\/urbanidades.arq.br\/mapasconfiguracionais\/wp-json\/wp\/v2\/comments?post=119"}],"version-history":[{"count":4,"href":"https:\/\/urbanidades.arq.br\/mapasconfiguracionais\/wp-json\/wp\/v2\/posts\/119\/revisions"}],"predecessor-version":[{"id":131,"href":"https:\/\/urbanidades.arq.br\/mapasconfiguracionais\/wp-json\/wp\/v2\/posts\/119\/revisions\/131"}],"wp:attachment":[{"href":"https:\/\/urbanidades.arq.br\/mapasconfiguracionais\/wp-json\/wp\/v2\/media?parent=119"}],"wp:term":[{"taxonomy":"category","embeddable":true,"href":"https:\/\/urbanidades.arq.br\/mapasconfiguracionais\/wp-json\/wp\/v2\/categories?post=119"},{"taxonomy":"post_tag","embeddable":true,"href":"https:\/\/urbanidades.arq.br\/mapasconfiguracionais\/wp-json\/wp\/v2\/tags?post=119"}],"curies":[{"name":"wp","href":"https:\/\/api.w.org\/{rel}","templated":true}]}}