{"id":155,"date":"2018-05-07T09:19:54","date_gmt":"2018-05-07T12:19:54","guid":{"rendered":"http:\/\/urbanidades.arq.br\/mapasconfiguracionais\/?p=155"},"modified":"2018-05-07T09:19:54","modified_gmt":"2018-05-07T12:19:54","slug":"jaragua-do-sul-sc","status":"publish","type":"post","link":"https:\/\/urbanidades.arq.br\/mapasconfiguracionais\/2018\/05\/07\/jaragua-do-sul-sc\/","title":{"rendered":"Jaragu\u00e1 do Sul (SC)"},"content":{"rendered":"<h3>Download<\/h3>\n<p>Fa\u00e7a o download do mapa axial <a href=\"https:\/\/mega.nz\/#!KhIXnBKS!QYSVvMxuUsc0NOuE9eQZ0sns4FcR9sAyj7lC3hmXKow\" target=\"_blank\" rel=\"noopener\">aqui.<\/a><\/p>\n<h3>Descri\u00e7\u00e3o Geral<\/h3>\n<p>Mapa axial de Jaragu\u00e1 do Sul (SC).<\/p>\n<h3>Cr\u00e9ditos<\/h3>\n<p>Mapa elaborado por Miguel Bianchi.<\/p>\n<h3>Base cartogr\u00e1fica<\/h3>\n<p>O mapa foi elaborado sobre a base cartogr\u00e1fica cadastral de Jaragu\u00e1 do Sul (ano desconhecido) e atualizado em 2018 sobre o arquivo de faces de quadras do IBGE e imagem de sat\u00e9lite do Google Earth.<\/p>\n<h3>Informa\u00e7\u00f5es t\u00e9cnicas<\/h3>\n<p>Sistema de proje\u00e7\u00e3o:\u00a0EPSG 31982 &#8211; SIRGAS2000 &#8211; UTM-22S<\/p>\n<p>Medidas em metros.<\/p>\n","protected":false},"excerpt":{"rendered":"<p>Download Fa\u00e7a o download do mapa axial aqui. Descri\u00e7\u00e3o Geral Mapa axial de Jaragu\u00e1 do Sul (SC). Cr\u00e9ditos Mapa elaborado por Miguel Bianchi. Base cartogr\u00e1fica O mapa foi elaborado sobre a base cartogr\u00e1fica cadastral de Jaragu\u00e1 do Sul (ano desconhecido) e atualizado em 2018 sobre o arquivo de faces de quadras do IBGE e imagem [&hellip;]<\/p>\n","protected":false},"author":1,"featured_media":0,"comment_status":"open","ping_status":"open","sticky":false,"template":"","format":"standard","meta":{"footnotes":""},"categories":[2,3],"tags":[17,38,12],"class_list":["post-155","post","type-post","status-publish","format-standard","hentry","category-brasil","category-santa-catarina","tag-dxf","tag-jaragua-do-sul","tag-mapa-axial"],"_links":{"self":[{"href":"https:\/\/urbanidades.arq.br\/mapasconfiguracionais\/wp-json\/wp\/v2\/posts\/155","targetHints":{"allow":["GET"]}}],"collection":[{"href":"https:\/\/urbanidades.arq.br\/mapasconfiguracionais\/wp-json\/wp\/v2\/posts"}],"about":[{"href":"https:\/\/urbanidades.arq.br\/mapasconfiguracionais\/wp-json\/wp\/v2\/types\/post"}],"author":[{"embeddable":true,"href":"https:\/\/urbanidades.arq.br\/mapasconfiguracionais\/wp-json\/wp\/v2\/users\/1"}],"replies":[{"embeddable":true,"href":"https:\/\/urbanidades.arq.br\/mapasconfiguracionais\/wp-json\/wp\/v2\/comments?post=155"}],"version-history":[{"count":1,"href":"https:\/\/urbanidades.arq.br\/mapasconfiguracionais\/wp-json\/wp\/v2\/posts\/155\/revisions"}],"predecessor-version":[{"id":156,"href":"https:\/\/urbanidades.arq.br\/mapasconfiguracionais\/wp-json\/wp\/v2\/posts\/155\/revisions\/156"}],"wp:attachment":[{"href":"https:\/\/urbanidades.arq.br\/mapasconfiguracionais\/wp-json\/wp\/v2\/media?parent=155"}],"wp:term":[{"taxonomy":"category","embeddable":true,"href":"https:\/\/urbanidades.arq.br\/mapasconfiguracionais\/wp-json\/wp\/v2\/categories?post=155"},{"taxonomy":"post_tag","embeddable":true,"href":"https:\/\/urbanidades.arq.br\/mapasconfiguracionais\/wp-json\/wp\/v2\/tags?post=155"}],"curies":[{"name":"wp","href":"https:\/\/api.w.org\/{rel}","templated":true}]}}